{"id":12310,"date":"2026-08-30T10:00:10","date_gmt":"2026-08-30T08:00:10","guid":{"rendered":"https:\/\/bbc-company.net\/?p=12310"},"modified":"2026-08-27T14:17:51","modified_gmt":"2026-08-27T12:17:51","slug":"bbc-european-tax-romania-srl-birou-sibiu","status":"publish","type":"post","link":"https:\/\/bbc-company.net\/ro\/bbc-european-tax-romania-srl-birou-sibiu","title":{"rendered":"BBC European Tax Romania: Deschidem un nou birou la Sibiu, \u00een inima Transilvaniei"},"content":{"rendered":"\r\n<p>Prin deschiderea BBC European Tax Romania SRL, BBC European Tax \u00ee\u0219i extinde prezen\u021ba \u00een Rom\u00e2nia. Noul birou din Sibiu creeaz\u0103 o leg\u0103tur\u0103 direct\u0103 \u00eentre Rom\u00e2nia \u0219i regiunea DACH &#8211; Germania, Austria \u0219i Elve\u021bia.<\/p>\r\n<h3>Consultan\u021b\u0103 transfrontalier\u0103 coordonat\u0103<\/h3>\r\n<p>Obiectivul este o abordare integrat\u0103 a mandatelor transfrontaliere, cu o coordonare centralizat\u0103. Informa\u021biile pot fi transmise \u00een mod fiabil \u00eentre echipele implicate, iar procesele pot fi armonizate \u00eentre \u021b\u0103ri.<\/p>\r\n<h3>17 ani de colaborare bazat\u0103 pe \u00eencredere<\/h3>\r\n<p>Noul birou este coordonat de directoarea general\u0103 Dana Dardea. BBC European Tax colaboreaz\u0103 cu ea \u0219i cu echipa sa experimentat\u0103 de 17 ani, \u00eentr-un parteneriat de succes bazat pe \u00eencredere. Aceast\u0103 continuitate reprezint\u0103 o baz\u0103 solid\u0103 pentru procese coordonate \u0219i un standard unitar de consultan\u021b\u0103.<\/p>\r\n<h3>Sprijin \u00een ambele direc\u021bii<\/h3>\r\n<h4>Pentru companiile \u0219i investitorii din regiunea DACH<\/h4>\r\n<p>Companiile din Germania, Austria \u0219i Elve\u021bia beneficiaz\u0103 de sprijin pentru intrarea pe pia\u021b\u0103, \u00eenfiin\u021barea unei societ\u0103\u021bi \u0219i asisten\u021ba fiscal\u0103 \u0219i contabil\u0103 curent\u0103 \u00een Rom\u00e2nia.<\/p>\r\n<h4>Pentru companiile rom\u00e2ne\u0219ti<\/h4>\r\n<p>Companiile rom\u00e2ne\u0219ti sunt sprijinite \u00een leg\u0103tur\u0103 cu activit\u0103\u021bi comerciale, sedii permanente \u0219i sucursale \u00een Germania, Austria \u0219i Elve\u021bia. Coordonarea centralizat\u0103 faciliteaz\u0103 colaborarea \u00eentre \u021b\u0103rile implicate.<\/p>\r\n<h3>Servicii oferite de biroul din Sibiu<\/h3>\r\n<ul>\r\n<li>\u00eenfiin\u021barea societ\u0103\u021bilor \u0219i consultan\u021b\u0103 privind alegerea amplasamentului<\/li>\r\n<li>consultan\u021b\u0103 fiscal\u0103 curent\u0103 \u0219i declara\u021bii fiscale conform legisla\u021biei rom\u00e2ne<\/li>\r\n<li>sedii permanente \u0219i sucursale transfrontaliere<\/li>\r\n<li>analiz\u0103 \u0219i structurare fiscal\u0103 \u00eentre regiunea DACH \u0219i Rom\u00e2nia<\/li>\r\n<li>contabilitate financiar\u0103 \u0219i salarizare, coordonate cu echipele din regiunea DACH<\/li>\r\n<li>pre\u021buri de transfer<\/li>\r\n<li>asisten\u021b\u0103 interdisciplinar\u0103 \u00een cadrul inspec\u021biilor fiscale din Rom\u00e2nia \u0219i din statele DACH implicate<\/li>\r\n<\/ul>\r\n<h3>Un punct central de contact pentru proiecte transfrontaliere<\/h3>\r\n<p>Prin birou din Sibiu, BBC European Tax consolideaz\u0103 colaborarea dintre Rom\u00e2nia \u0219i regiunea DACH. Mandatele pot fi coordonate dincolo de grani\u021be, iar aspectele de specialitate pot fi analizate \u00eentr-un context comun.<\/p>\r\n<p>Planifica\u021bi activit\u0103\u021bi comerciale \u00eentre Rom\u00e2nia \u0219i Germania, Austria sau Elve\u021bia? Contacta\u021bi echipa noastr\u0103.<\/p>\r\n","protected":false},"excerpt":{"rendered":"<p>BBC European Tax deschide un nou birou la Sibiu prin BBC European Tax Romania SRL \u0219i consolideaz\u0103 consultan\u021ba fiscal\u0103 transfrontalier\u0103 dintre Rom\u00e2nia, Germania, Austria \u0219i Elve\u021bia.<\/p>\n","protected":false},"author":3,"featured_media":12331,"comment_status":"closed","ping_status":"closed","sticky":false,"template":"","format":"standard","meta":{"slim_seo":{"noindex":"1","title":"BBC European Tax Romania: Deschidem un nou birou la Sibiu, \u00een inima Transilvaniei - BBC European TAX","description":"BBC European Tax deschide un nou birou la Sibiu prin BBC European Tax Romania SRL \u0219i consolideaz\u0103 consultan\u021ba fiscal\u0103 transfrontalier\u0103 dintre Rom\u00e2nia, Germania,"},"footnotes":""},"categories":[100,98,33],"tags":[247,248,249,250,137,251,252],"class_list":["post-12310","post","type-post","status-publish","format-standard","has-post-thumbnail","hentry","category-drept-fiscal-international","category-infiintare-internationala-de-companii","category-publicatii","tag-betriebsstaetten","tag-dach-region","tag-internationale-steuerberatung","tag-internationale-unternehmensgruendung","tag-rumaenien","tag-sibiu","tag-verrechnungspreise"],"_links":{"self":[{"href":"https:\/\/bbc-company.net\/ro\/wp-json\/wp\/v2\/posts\/12310","targetHints":{"allow":["GET"]}}],"collection":[{"href":"https:\/\/bbc-company.net\/ro\/wp-json\/wp\/v2\/posts"}],"about":[{"href":"https:\/\/bbc-company.net\/ro\/wp-json\/wp\/v2\/types\/post"}],"author":[{"embeddable":true,"href":"https:\/\/bbc-company.net\/ro\/wp-json\/wp\/v2\/users\/3"}],"replies":[{"embeddable":true,"href":"https:\/\/bbc-company.net\/ro\/wp-json\/wp\/v2\/comments?post=12310"}],"version-history":[{"count":6,"href":"https:\/\/bbc-company.net\/ro\/wp-json\/wp\/v2\/posts\/12310\/revisions"}],"predecessor-version":[{"id":12334,"href":"https:\/\/bbc-company.net\/ro\/wp-json\/wp\/v2\/posts\/12310\/revisions\/12334"}],"wp:featuredmedia":[{"embeddable":true,"href":"https:\/\/bbc-company.net\/ro\/wp-json\/wp\/v2\/media\/12331"}],"wp:attachment":[{"href":"https:\/\/bbc-company.net\/ro\/wp-json\/wp\/v2\/media?parent=12310"}],"wp:term":[{"taxonomy":"category","embeddable":true,"href":"https:\/\/bbc-company.net\/ro\/wp-json\/wp\/v2\/categories?post=12310"},{"taxonomy":"post_tag","embeddable":true,"href":"https:\/\/bbc-company.net\/ro\/wp-json\/wp\/v2\/tags?post=12310"}],"curies":[{"name":"wp","href":"https:\/\/api.w.org\/{rel}","templated":true}]}}